{"id":138,"date":"2015-04-28T07:10:30","date_gmt":"2015-04-28T07:10:30","guid":{"rendered":"http:\/\/wp.pop-verlag.com\/?p=138"},"modified":"2018-06-16T06:05:54","modified_gmt":"2018-06-16T06:05:54","slug":"gelu-vlasin-in-der-psychiatrie-behandelt","status":"publish","type":"post","link":"https:\/\/wp.pop-verlag.com\/?p=138","title":{"rendered":"Gelu Vla\u015fin: &#8222;In der Psychiatrie behandelt&#8220;"},"content":{"rendered":"<p><a href=\"http:\/\/wp.pop-verlag.com\/wp-content\/uploads\/2015\/04\/geluvlasin_inderpsychiatriebehandelt.jpg\"><img loading=\"lazy\" decoding=\"async\" class=\"alignleft wp-image-100 size-medium\" src=\"https:\/\/wp.pop-verlag.com\/wp-content\/uploads\/2015\/04\/geluvlasin_inderpsychiatriebehandelt-209x300.jpg\" alt=\"geluvlasin_inderpsychiatriebehandelt\" width=\"209\" height=\"300\" \/><\/a><\/p>\n<p><a href=\"https:\/\/wp.pop-verlag.com\/?page_id=3319\"><strong>Gelu Vla\u015fin<\/strong><\/a>: &#8222;<a href=\"https:\/\/wp.pop-verlag.com\/?p=138\">In der Psychiatrie behandelt<\/a>&#8220;<br \/>\nGedichte, aus dem Rum\u00e4nischen \u00fcbersetzt von Kerstin Ahlers<\/p>\n<p>Pop Lyrik<\/p>\n<p>49 Seiten, 10,00 Euro<br \/>\nISBN 978-3-86356-011-9<\/p>\n<p><a href=\"http:\/\/wp.pop-verlag.com\/?p=195\">Rezension<\/a><\/p>\n<p>&nbsp;<\/p>\n<p>Lieferbare Titel von <a href=\"https:\/\/wp.pop-verlag.com\/?page_id=3319\"><strong>Gelu Vla\u015fin<\/strong><\/a>:<\/p>\n<ul>\n<li>\u00a0<a href=\"https:\/\/wp.pop-verlag.com\/?p=138\"><strong>&#8222;In der Psychiatrie behandelt&#8220;<\/strong><\/a>. Gedichte, aus dem Rum\u00e4nischen \u00fcbersetzt von Kerstin Ahlers. Pop Lyrik.49 Seiten,\u00a0ISBN 978-3-86356-011-9, \u20ac[D]10,00 Euro<\/li>\n<\/ul>\n","protected":false},"excerpt":{"rendered":"<p>Gelu Vla\u015fin: &#8222;In der Psychiatrie behandelt&#8220; Gedichte, aus dem Rum\u00e4nischen \u00fcbersetzt von Kerstin Ahlers Pop Lyrik 49 Seiten, 10,00 Euro ISBN 978-3-86356-011-9 Rezension &nbsp; Lieferbare Titel von Gelu Vla\u015fin: \u00a0&#8222;In der Psychiatrie behandelt&#8220;. Gedichte, aus dem Rum\u00e4nischen \u00fcbersetzt von Kerstin &hellip; <a class=\"more-link\" href=\"https:\/\/wp.pop-verlag.com\/?p=138\">Weiterlesen <span class=\"meta-nav\">&rarr;<\/span><\/a><\/p>\n","protected":false},"author":1,"featured_media":0,"comment_status":"closed","ping_status":"closed","sticky":false,"template":"","format":"standard","meta":{"_jetpack_memberships_contains_paid_content":false,"footnotes":""},"categories":[16,22,8],"tags":[52,53,54],"class_list":["post-138","post","type-post","status-publish","format-standard","hentry","category-erscheinungsjahr-2012","category-rumaenische-literatur","category-pop-lyrik","tag-gelu-vlasin","tag-in-der-psychiatrie-behandelt","tag-kerstin-ahlers"],"jetpack_sharing_enabled":true,"jetpack_featured_media_url":"","_links":{"self":[{"href":"https:\/\/wp.pop-verlag.com\/index.php?rest_route=\/wp\/v2\/posts\/138","targetHints":{"allow":["GET"]}}],"collection":[{"href":"https:\/\/wp.pop-verlag.com\/index.php?rest_route=\/wp\/v2\/posts"}],"about":[{"href":"https:\/\/wp.pop-verlag.com\/index.php?rest_route=\/wp\/v2\/types\/post"}],"author":[{"embeddable":true,"href":"https:\/\/wp.pop-verlag.com\/index.php?rest_route=\/wp\/v2\/users\/1"}],"replies":[{"embeddable":true,"href":"https:\/\/wp.pop-verlag.com\/index.php?rest_route=%2Fwp%2Fv2%2Fcomments&post=138"}],"version-history":[{"count":5,"href":"https:\/\/wp.pop-verlag.com\/index.php?rest_route=\/wp\/v2\/posts\/138\/revisions"}],"predecessor-version":[{"id":3325,"href":"https:\/\/wp.pop-verlag.com\/index.php?rest_route=\/wp\/v2\/posts\/138\/revisions\/3325"}],"wp:attachment":[{"href":"https:\/\/wp.pop-verlag.com\/index.php?rest_route=%2Fwp%2Fv2%2Fmedia&parent=138"}],"wp:term":[{"taxonomy":"category","embeddable":true,"href":"https:\/\/wp.pop-verlag.com\/index.php?rest_route=%2Fwp%2Fv2%2Fcategories&post=138"},{"taxonomy":"post_tag","embeddable":true,"href":"https:\/\/wp.pop-verlag.com\/index.php?rest_route=%2Fwp%2Fv2%2Ftags&post=138"}],"curies":[{"name":"wp","href":"https:\/\/api.w.org\/{rel}","templated":true}]}}