{"id":1317,"date":"2016-04-24T14:28:37","date_gmt":"2016-04-24T14:28:37","guid":{"rendered":"http:\/\/wp.pop-verlag.com\/?p=1317"},"modified":"2020-11-06T06:04:40","modified_gmt":"2020-11-06T06:04:40","slug":"rodica-draghincescu-schreibenleben","status":"publish","type":"post","link":"https:\/\/wp.pop-verlag.com\/?p=1317","title":{"rendered":"Rodica Draghincescu:  &#8222;Schreibenleben&#8220;"},"content":{"rendered":"<p><a href=\"http:\/\/wp.pop-verlag.com\/?page_id=1300\"><strong>Rodica Draghincescu<\/strong>:<\/a> <img loading=\"lazy\" decoding=\"async\" class=\"alignleft wp-image-1318 size-medium\" src=\"http:\/\/wp.pop-verlag.com\/wp-content\/uploads\/2016\/04\/51iYPPns5sL-213x300.jpg\" alt=\"51iYPPns5sL\" width=\"213\" height=\"300\" srcset=\"https:\/\/wp.pop-verlag.com\/wp-content\/uploads\/2016\/04\/51iYPPns5sL-213x300.jpg 213w, https:\/\/wp.pop-verlag.com\/wp-content\/uploads\/2016\/04\/51iYPPns5sL-768x1082.jpg 768w, https:\/\/wp.pop-verlag.com\/wp-content\/uploads\/2016\/04\/51iYPPns5sL-727x1024.jpg 727w, https:\/\/wp.pop-verlag.com\/wp-content\/uploads\/2016\/04\/51iYPPns5sL.jpg 1479w\" sizes=\"auto, (max-width: 213px) 100vw, 213px\" \/><strong><a href=\"http:\/\/wp.pop-verlag.com\/?p=1317\">&#8222;Schreibenleben.&#8220;<\/a> <\/strong>(FRAGMENTARIUM Sammlung) Literaturkommentar in ungew\u00f6hnlicher Form: Interviews mit Kulturpers\u00f6nlichkeiten.<\/p>\n<p><a href=\"http:\/\/wp.pop-verlag.com\/?page_id=1355\">Jean-Baptiste Joly<\/a> , <a href=\"http:\/\/wp.pop-verlag.com\/?page_id=1330\">Yves Bonnefoy<\/a>, <a href=\"http:\/\/wp.pop-verlag.com\/?page_id=1332\">Michel Butor<\/a>,<a href=\"http:\/\/wp.pop-verlag.com\/?page_id=1338\"> Maurice Couquiaud<\/a>, <a href=\"http:\/\/wp.pop-verlag.com\/?page_id=1340\">Volker Demuth<\/a>, <a href=\"http:\/\/wp.pop-verlag.com\/?page_id=1346\">Kurt Drawert<\/a>, <a href=\"http:\/\/wp.pop-verlag.com\/?page_id=1328\">G\u00e9rard Blua<\/a>, <a href=\"http:\/\/wp.pop-verlag.com\/?page_id=1344\">Yves di Manno<\/a>, <a href=\"http:\/\/wp.pop-verlag.com\/?page_id=1353\">Guy Goffette<\/a>, <a href=\"http:\/\/wp.pop-verlag.com\/?page_id=1361\">Jean Orizet<\/a>, <a href=\"http:\/\/wp.pop-verlag.com\/?page_id=1373\">G\u00e9rard Truilh\u00e9<\/a>, <a href=\"http:\/\/wp.pop-verlag.com\/?page_id=1349\">R\u00fcdiger Fischer<\/a>,<a href=\"http:\/\/wp.pop-verlag.com\/?page_id=1359\"> Petra Nagenk\u00f6gel<\/a>,<a href=\"http:\/\/wp.pop-verlag.com\/?page_id=1363\"> Serge Pey<\/a>, <a href=\"http:\/\/wp.pop-verlag.com\/?page_id=1367\">Sandrine Rotil-Tiefenbach<\/a>, <a href=\"http:\/\/wp.pop-verlag.com\/?page_id=1371\">Ale\u0161 \u0160teger<\/a>, <a href=\"http:\/\/wp.pop-verlag.com\/?page_id=1365\">Arne Rautenber<\/a>g, <a href=\"http:\/\/wp.pop-verlag.com\/?page_id=1334\">Magda C\u00e2rneci<\/a>,<br \/>\n<a href=\"http:\/\/wp.pop-verlag.com\/?page_id=1336\">Cristina Castello<\/a>, <a href=\"http:\/\/wp.pop-verlag.com\/?page_id=1351\">Zsuzsanna Gahse<\/a>,<a href=\"http:\/\/wp.pop-verlag.com\/?page_id=1357\"> Olga Martynova<\/a>,<br \/>\n<a href=\"http:\/\/wp.pop-verlag.com\/?page_id=1369\">Eginald Schlattner<\/a>,<a href=\"http:\/\/wp.pop-verlag.com\/?page_id=884\"> Dieter Schlesak<\/a>,\u00a0 320 Seiten, ISBN: 3-937139-03-6. \u20ac[D] 23,60<\/p>\n<p>&nbsp;<\/p>\n<p>&nbsp;<\/p>\n<p>Lieferbare Titel von\u00a0<a href=\"http:\/\/wp.pop-verlag.com\/?page_id=1300\"><strong>Rodica Draghincescu<\/strong>:<\/a><\/p>\n<p>&#8211; <a href=\"http:\/\/wp.pop-verlag.com\/?p=1317\"><strong>&#8222;Schreibenleben.&#8220;\u00a0 320 Seiten, ISBN: 3-937139-03-6. \u20ac[D] 23,60<\/strong><\/a><\/p>\n","protected":false},"excerpt":{"rendered":"<p>Rodica Draghincescu: &#8222;Schreibenleben.&#8220; (FRAGMENTARIUM Sammlung) Literaturkommentar in ungew\u00f6hnlicher Form: Interviews mit Kulturpers\u00f6nlichkeiten. Jean-Baptiste Joly , Yves Bonnefoy, Michel Butor, Maurice Couquiaud, Volker Demuth, Kurt Drawert, G\u00e9rard Blua, Yves di Manno, Guy Goffette, Jean Orizet, G\u00e9rard Truilh\u00e9, R\u00fcdiger Fischer, Petra Nagenk\u00f6gel, &hellip; <a class=\"more-link\" href=\"https:\/\/wp.pop-verlag.com\/?p=1317\">Weiterlesen <span class=\"meta-nav\">&rarr;<\/span><\/a><\/p>\n","protected":false},"author":2,"featured_media":0,"comment_status":"closed","ping_status":"closed","sticky":false,"template":"","format":"standard","meta":{"_jetpack_memberships_contains_paid_content":false,"footnotes":""},"categories":[109,20,24,29],"tags":[],"class_list":["post-1317","post","type-post","status-publish","format-standard","hentry","category-e-erscheinungsjahr-2005","category-deutsche-literatur","category-franzoesische-literatur","category-fragmentarium-sammlung"],"jetpack_sharing_enabled":true,"jetpack_featured_media_url":"","_links":{"self":[{"href":"https:\/\/wp.pop-verlag.com\/index.php?rest_route=\/wp\/v2\/posts\/1317","targetHints":{"allow":["GET"]}}],"collection":[{"href":"https:\/\/wp.pop-verlag.com\/index.php?rest_route=\/wp\/v2\/posts"}],"about":[{"href":"https:\/\/wp.pop-verlag.com\/index.php?rest_route=\/wp\/v2\/types\/post"}],"author":[{"embeddable":true,"href":"https:\/\/wp.pop-verlag.com\/index.php?rest_route=\/wp\/v2\/users\/2"}],"replies":[{"embeddable":true,"href":"https:\/\/wp.pop-verlag.com\/index.php?rest_route=%2Fwp%2Fv2%2Fcomments&post=1317"}],"version-history":[{"count":7,"href":"https:\/\/wp.pop-verlag.com\/index.php?rest_route=\/wp\/v2\/posts\/1317\/revisions"}],"predecessor-version":[{"id":5459,"href":"https:\/\/wp.pop-verlag.com\/index.php?rest_route=\/wp\/v2\/posts\/1317\/revisions\/5459"}],"wp:attachment":[{"href":"https:\/\/wp.pop-verlag.com\/index.php?rest_route=%2Fwp%2Fv2%2Fmedia&parent=1317"}],"wp:term":[{"taxonomy":"category","embeddable":true,"href":"https:\/\/wp.pop-verlag.com\/index.php?rest_route=%2Fwp%2Fv2%2Fcategories&post=1317"},{"taxonomy":"post_tag","embeddable":true,"href":"https:\/\/wp.pop-verlag.com\/index.php?rest_route=%2Fwp%2Fv2%2Ftags&post=1317"}],"curies":[{"name":"wp","href":"https:\/\/api.w.org\/{rel}","templated":true}]}}